{"id":1570,"date":"2025-09-30T09:00:40","date_gmt":"2025-09-30T08:00:40","guid":{"rendered":"https:\/\/ov-x10.de\/?p=1570"},"modified":"2025-09-30T09:01:46","modified_gmt":"2025-09-30T08:01:46","slug":"aussergewoehnliche-jubilaeen-im-ov-x10-wir-gratulieren-klaus-dm3xi-und-matthias-dm5ct","status":"publish","type":"post","link":"https:\/\/ov-x10.de\/?p=1570","title":{"rendered":"Au\u00dfergew\u00f6hnliche Jubil\u00e4en im OV X10 \u2014 Wir gratulieren Klaus (DM3XI) und Matthias (DM5CT)"},"content":{"rendered":"\n<figure class=\"wp-block-image size-full\"><a href=\"https:\/\/ov-x10.de\/wp-content\/uploads\/DARC-Logo-mit-Gruss-aus-Arnstadt.png\"><img loading=\"lazy\" decoding=\"async\" width=\"1536\" height=\"1024\" src=\"https:\/\/ov-x10.de\/wp-content\/uploads\/DARC-Logo-mit-Gruss-aus-Arnstadt.png\" alt=\"OV-Arnstadt gratuliert\" class=\"wp-image-1465\" srcset=\"https:\/\/ov-x10.de\/wp-content\/uploads\/DARC-Logo-mit-Gruss-aus-Arnstadt.png 1536w, https:\/\/ov-x10.de\/wp-content\/uploads\/DARC-Logo-mit-Gruss-aus-Arnstadt-300x200.png 300w\" sizes=\"auto, (max-width: 1536px) 100vw, 1536px\" \/><\/a><figcaption class=\"wp-element-caption\">Der OV-Arnstadt gratuliert zum Jubil\u00e4um Mitgliedschaft im DARC.<\/figcaption><\/figure>\n\n\n\n<p>Am <strong>1. Oktober 2025<\/strong> d\u00fcrfen wir im OV X10 zwei ganz besondere Jubil\u00e4en feiern: <strong>65 Jahre Mitgliedschaft<\/strong> im DARC von <strong>Klaus (DM3XI)<\/strong> und <strong>50 Jahre Mitgliedschaft<\/strong> von <strong>Matthias (DM5CT)<\/strong>. Zwei beeindruckende Lebensleistungen f\u00fcr den Amateurfunk \u2014 Zeit, Danke zu sagen!<\/p>\n\n\n\n<h4 class=\"wp-block-heading\">Klaus \u2014 DM3XI (65 Jahre DARC-Mitgliedschaft)<\/h4>\n\n\n\n<p>Klaus ist seit Jahrzehnten eine der pr\u00e4genden Pers\u00f6nlichkeiten unseres Ortsverbands. Er war und ist:<\/p>\n\n\n\n<ul class=\"wp-block-list\">\n<li><strong>langj\u00e4hriger Leiter unserer Klubstation<\/strong> (DM3XI \/ DL0ARN) \u2014 schon zu DDR-Zeiten war Klaus f\u00fcr die Klubstation verantwortlich und hat die Station \u00fcber viele Jahre betreut.<\/li>\n\n\n\n<li><strong>Ausbilder zahlreicher Funkamateure<\/strong>: Viele Funkinteressierte im Raum Arnstadt haben ihre ersten Schritte im Amateurfunk unter Klaus Anleitung gemacht. Das Engagement f\u00fcr Ausbildung und Nachwuchs ist ein wesentlicher Teil seines Wirkens.<\/li>\n\n\n\n<li><strong>exzellenter DXer und Telegrafist<\/strong> \u2014 Klaus ist regelm\u00e4\u00dfig auf den B\u00e4ndern aktiv und weist zahlreiche Contest- und DX-Aktivit\u00e4ten auf. Seine Aktivit\u00e4ten spiegeln sich auch in Ergebnislisten und Wettbewerbsteilnahmen wider.<\/li>\n\n\n\n<li><strong>Sprachspezialist (Spanisch)<\/strong> \u2014 seine F\u00e4higkeiten jenseits der Technik unterst\u00fctzen den freundlichen internationalen Austausch auf den B\u00e4ndern.<\/li>\n\n\n\n<li><\/li>\n<\/ul>\n\n\n\n<p>Lieber Klaus \u2014 vielen Dank f\u00fcr dein jahrzehntelanges Engagement, deine Bereitschaft, Wissen weiterzugeben, und f\u00fcr deine kontinuierliche Pr\u00e4senz auf den B\u00e4ndern. Du bist ein Vorbild f\u00fcr viele OM und YL in unserer Region.<\/p>\n\n\n\n<h4 class=\"wp-block-heading\">Matthias \u2014 DM5CT (50 Jahre DARC-Mitgliedschaft)<\/h4>\n\n\n\n<p>Matthias ist eine unverzichtbare St\u00fctze unseres OV X10. Besonders hervorzuheben sind:<\/p>\n\n\n\n<ul class=\"wp-block-list\">\n<li><strong>exzellenter Elektroniker<\/strong> \u2014 sein Fachwissen ist mehrfach im OV gesch\u00e4tzt worden; Matthias ist Ansprechpartner bei komplexen technischen Fragestellungen.<\/li>\n\n\n\n<li><strong>Ratgeber bei vielen technischen Fragen und Problemen<\/strong> \u2014 ob Antennen, Stationstechnik oder kleine Reparaturen: Matthias hilft zuverl\u00e4ssig weiter.<\/li>\n\n\n\n<li><strong>hervorragende Ergebnisse im UKW-Contestpokal<\/strong>, \u00fcber viele Jahre besonders in der Einzelwertung \u2014 seine Leistungen im Contestbetrieb sind \u00fcber lange Zeit konstant stark gewesen und haben dem OV viele Punkte eingebracht.<\/li>\n\n\n\n<li><strong>langj\u00e4hriges Ehrenamtsengagement<\/strong> im Vorstand und in den letzten Jahren insbesondere als <strong>QSL-Manager<\/strong> \u2014 Matthias war \u00fcber die Jahre in verschiedenen Funktionen aktiv und sorgt bis heute verl\u00e4sslich f\u00fcr eine perfekte Abwicklung des Austausches von QSL-Karten f\u00fcr unseren OV.<\/li>\n<\/ul>\n\n\n\n<p>Lieber Matthias \u2014 vielen Dank f\u00fcr deine technische Kompetenz, deinen Rat in unz\u00e4hligen Situationen und deinen ehrenamtlichen Einsatz f\u00fcr unseren OV.<\/p>\n\n\n\n<h4 class=\"wp-block-heading\">Einladung und Dank<\/h4>\n\n\n\n<p>Diese au\u00dfergew\u00f6hnlichen Jubil\u00e4en m\u00f6chten wir gemeinsam w\u00fcrdigen. Daher laden wir alle Mitglieder herzlich zum n\u00e4chsten <strong>OV-Abend am Mittwoch, den 01.10.2025<\/strong>, ein. An diesem Abend besteht die Gelegenheit, Klaus und Matthias pers\u00f6nlich zu gratulieren, ihnen f\u00fcr ihr langj\u00e4hriges Engagement zu danken und in geselliger Runde gemeinsam auf ihre Jubil\u00e4en anzusto\u00dfen.<\/p>\n","protected":false},"excerpt":{"rendered":"<p>Am 1. Oktober 2025 d\u00fcrfen wir im OV X10 zwei ganz besondere Jubil\u00e4en feiern: 65 Jahre Mitgliedschaft im DARC von Klaus (DM3XI) und 50 Jahre Mitgliedschaft von Matthias (DM5CT). Zwei beeindruckende Lebensleistungen f\u00fcr den Amateurfunk \u2014 Zeit, Danke zu sagen!<\/p>\n","protected":false},"author":480843,"featured_media":1465,"comment_status":"closed","ping_status":"open","sticky":false,"template":"","format":"standard","meta":{"kt_blocks_editor_width":"","footnotes":""},"categories":[1],"tags":[],"class_list":["post-1570","post","type-post","status-publish","format-standard","has-post-thumbnail","hentry","category-aktuelles"],"_links":{"self":[{"href":"https:\/\/ov-x10.de\/index.php?rest_route=\/wp\/v2\/posts\/1570","targetHints":{"allow":["GET"]}}],"collection":[{"href":"https:\/\/ov-x10.de\/index.php?rest_route=\/wp\/v2\/posts"}],"about":[{"href":"https:\/\/ov-x10.de\/index.php?rest_route=\/wp\/v2\/types\/post"}],"author":[{"embeddable":true,"href":"https:\/\/ov-x10.de\/index.php?rest_route=\/wp\/v2\/users\/480843"}],"replies":[{"embeddable":true,"href":"https:\/\/ov-x10.de\/index.php?rest_route=%2Fwp%2Fv2%2Fcomments&post=1570"}],"version-history":[{"count":2,"href":"https:\/\/ov-x10.de\/index.php?rest_route=\/wp\/v2\/posts\/1570\/revisions"}],"predecessor-version":[{"id":1572,"href":"https:\/\/ov-x10.de\/index.php?rest_route=\/wp\/v2\/posts\/1570\/revisions\/1572"}],"wp:featuredmedia":[{"embeddable":true,"href":"https:\/\/ov-x10.de\/index.php?rest_route=\/wp\/v2\/media\/1465"}],"wp:attachment":[{"href":"https:\/\/ov-x10.de\/index.php?rest_route=%2Fwp%2Fv2%2Fmedia&parent=1570"}],"wp:term":[{"taxonomy":"category","embeddable":true,"href":"https:\/\/ov-x10.de\/index.php?rest_route=%2Fwp%2Fv2%2Fcategories&post=1570"},{"taxonomy":"post_tag","embeddable":true,"href":"https:\/\/ov-x10.de\/index.php?rest_route=%2Fwp%2Fv2%2Ftags&post=1570"}],"curies":[{"name":"wp","href":"https:\/\/api.w.org\/{rel}","templated":true}]}}