{"id":1520,"date":"2025-08-13T19:11:59","date_gmt":"2025-08-13T18:11:59","guid":{"rendered":"https:\/\/ov-x10.de\/?p=1520"},"modified":"2025-08-13T19:55:40","modified_gmt":"2025-08-13T18:55:40","slug":"nachruf-auf-om-walter-fuhs-%e2%80%a0-31-juli-2025","status":"publish","type":"post","link":"https:\/\/ov-x10.de\/?p=1520","title":{"rendered":"Der OV Arnstadt X10 verabschiedet sich von OM Walter Fuhs"},"content":{"rendered":"\n<figure class=\"wp-block-image size-large\"><a href=\"https:\/\/ov-x10.de\/wp-content\/uploads\/Walter_sw.jpg\"><img loading=\"lazy\" decoding=\"async\" width=\"1024\" height=\"767\" src=\"https:\/\/ov-x10.de\/wp-content\/uploads\/Walter_sw-1024x767.jpg\" alt=\"OM Walter Fuhs\" class=\"wp-image-1521\" srcset=\"https:\/\/ov-x10.de\/wp-content\/uploads\/Walter_sw-1024x767.jpg 1024w, https:\/\/ov-x10.de\/wp-content\/uploads\/Walter_sw-300x225.jpg 300w, https:\/\/ov-x10.de\/wp-content\/uploads\/Walter_sw-768x575.jpg 768w, https:\/\/ov-x10.de\/wp-content\/uploads\/Walter_sw.jpg 1129w\" sizes=\"auto, (max-width: 1024px) 100vw, 1024px\" \/><\/a><figcaption class=\"wp-element-caption\">Walter war als CB-Funker sehr aktiv und oftmals Gast bei X10.<\/figcaption><\/figure>\n\n\n\n<p>Am 31. Juli 2025 verstarb im Alter von 83 Jahren unser langj\u00e4hriger Freund <strong>OM Walter Fuhs<\/strong>, vielen von uns bekannt unter seinem CB-Skip <em>Willy<\/em>.<\/p>\n\n\n\n<p>Walter war kein Mitglied im DARC, aber seit vielen Jahren mit dem Ortsverband X10 in Freundschaft verbunden. Als begeisterter CB-Funker und interessierter H\u00f6rer im Amateurfunkbereich nahm er mit Freude an unseren Aktivit\u00e4ten teil und besuchte regelm\u00e4\u00dfig als Gast unsere OV-Abende.<\/p>\n\n\n\n<p>Seine freundliche Art, seine humorvollen Beitr\u00e4ge und sein echtes Interesse am Funkgeschehen machten ihn zu einem gesch\u00e4tzten Gespr\u00e4chspartner und willkommenen Gast in unserer Runde.<\/p>\n\n\n\n<p>Wir werden Walter als treuen Begleiter in guter Erinnerung behalten und ihm stets ein ehrendes Andenken bewahren.<\/p>\n\n\n\n<p>Unser Mitgef\u00fchl gilt seinen Angeh\u00f6rigen.<\/p>\n\n\n\n<h4 class=\"wp-block-heading\"><em><em>OV Arnstadt X10<\/em><\/em><\/h4>\n","protected":false},"excerpt":{"rendered":"<p>Am 31. Juli 2025 verstarb im Alter von 83 Jahren unser langj\u00e4hriger Freund OM Walter Fuhs<\/p>\n","protected":false},"author":480843,"featured_media":1521,"comment_status":"closed","ping_status":"open","sticky":false,"template":"","format":"standard","meta":{"kt_blocks_editor_width":"","footnotes":""},"categories":[1],"tags":[32,33],"class_list":["post-1520","post","type-post","status-publish","format-standard","has-post-thumbnail","hentry","category-aktuelles","tag-nachruf","tag-walter-fuhs"],"_links":{"self":[{"href":"https:\/\/ov-x10.de\/index.php?rest_route=\/wp\/v2\/posts\/1520","targetHints":{"allow":["GET"]}}],"collection":[{"href":"https:\/\/ov-x10.de\/index.php?rest_route=\/wp\/v2\/posts"}],"about":[{"href":"https:\/\/ov-x10.de\/index.php?rest_route=\/wp\/v2\/types\/post"}],"author":[{"embeddable":true,"href":"https:\/\/ov-x10.de\/index.php?rest_route=\/wp\/v2\/users\/480843"}],"replies":[{"embeddable":true,"href":"https:\/\/ov-x10.de\/index.php?rest_route=%2Fwp%2Fv2%2Fcomments&post=1520"}],"version-history":[{"count":4,"href":"https:\/\/ov-x10.de\/index.php?rest_route=\/wp\/v2\/posts\/1520\/revisions"}],"predecessor-version":[{"id":1527,"href":"https:\/\/ov-x10.de\/index.php?rest_route=\/wp\/v2\/posts\/1520\/revisions\/1527"}],"wp:featuredmedia":[{"embeddable":true,"href":"https:\/\/ov-x10.de\/index.php?rest_route=\/wp\/v2\/media\/1521"}],"wp:attachment":[{"href":"https:\/\/ov-x10.de\/index.php?rest_route=%2Fwp%2Fv2%2Fmedia&parent=1520"}],"wp:term":[{"taxonomy":"category","embeddable":true,"href":"https:\/\/ov-x10.de\/index.php?rest_route=%2Fwp%2Fv2%2Fcategories&post=1520"},{"taxonomy":"post_tag","embeddable":true,"href":"https:\/\/ov-x10.de\/index.php?rest_route=%2Fwp%2Fv2%2Ftags&post=1520"}],"curies":[{"name":"wp","href":"https:\/\/api.w.org\/{rel}","templated":true}]}}