{"id":1459,"date":"2025-06-30T21:55:27","date_gmt":"2025-06-30T20:55:27","guid":{"rendered":"https:\/\/ov-x10.de\/?p=1459"},"modified":"2025-08-13T19:55:40","modified_gmt":"2025-08-13T18:55:40","slug":"zwei-jubilaeen-im-ov-x10-wir-gratulieren-rolf-dg0ac-und-juergen-df2ap","status":"publish","type":"post","link":"https:\/\/ov-x10.de\/?p=1459","title":{"rendered":"Zwei Jubil\u00e4en im OV X10 \u2013 Wir gratulieren Rolf DG0AC und J\u00fcrgen DF2AP"},"content":{"rendered":"\n<figure class=\"wp-block-image size-full\"><a href=\"https:\/\/ov-x10.de\/wp-content\/uploads\/DARC-Logo-mit-Gruss-aus-Arnstadt.png\"><img loading=\"lazy\" decoding=\"async\" width=\"1536\" height=\"1024\" src=\"https:\/\/ov-x10.de\/wp-content\/uploads\/DARC-Logo-mit-Gruss-aus-Arnstadt.png\" alt=\"OV-Arnstadt gratuliert\" class=\"wp-image-1465\" srcset=\"https:\/\/ov-x10.de\/wp-content\/uploads\/DARC-Logo-mit-Gruss-aus-Arnstadt.png 1536w, https:\/\/ov-x10.de\/wp-content\/uploads\/DARC-Logo-mit-Gruss-aus-Arnstadt-300x200.png 300w\" sizes=\"auto, (max-width: 1536px) 100vw, 1536px\" \/><\/a><\/figure>\n\n\n\n<h2 class=\"wp-block-heading\">Am <strong>1. Juli 2025<\/strong> feiern wir im DARC-Ortsverband Arnstadt (X10) gleich zwei besondere Jubil\u00e4en:<\/h2>\n\n\n\n<p><\/p>\n\n\n\n<h4 class=\"wp-block-heading\">40 Jahre DARC-Mitgliedschaft \u2013 Rolf, DG0AC<\/h4>\n\n\n\n<p>Unser langj\u00e4hriger OV-Kollege <strong>Rolf, DG0AC<\/strong>, blickt auf beeindruckende <strong>40 Jahre Mitgliedschaft im DARC<\/strong> zur\u00fcck. <strong>Rolf legte seine Lizenzpr\u00fcfung bereits 1969 ab<\/strong>. Zu Zeiten der ehemaligen DDR erhielt er das Rufzeichen <strong>Y42UI<\/strong>.<\/p>\n\n\n\n<p>Er ist ein echter Allrounder \u2013 und wohl einer der vielseitigsten Funkamateure im OV X10. Besonders auf den <strong>UKW-B\u00e4ndern, in h\u00f6heren Frequenzbereichen sowie im Bereich ATV und Computertechnik<\/strong> ist Rolf zuhause. Er ist bekannt f\u00fcr seine technische Kreativit\u00e4t, sein profundes Wissen \u2013 und m\u00f6glicherweise f\u00fcr die <strong>gr\u00f6\u00dfte Antennenanzahl am heimischen QTH<\/strong> im gesamten Ortsverband. Herzlichen Gl\u00fcckwunsch zu diesem Meilenstein und danke f\u00fcr deine langj\u00e4hrige Verbundenheit!<\/p>\n\n\n\n<p><\/p>\n\n\n\n<h4 class=\"wp-block-heading\">25 Jahre DARC-Mitgliedschaft \u2013 J\u00fcrgen, DF2AP<\/h4>\n\n\n\n<p>Ebenfalls ein Jubil\u00e4um begeht <strong>J\u00fcrgen, DF2AP<\/strong>, der seit <strong>25 Jahren Mitglied im DARC<\/strong> ist. Seine Amateurfunklaufbahn begann am <strong>25. April 1983<\/strong> mit dem Rufzeichen <strong>Y44SK<\/strong>. <strong>Nach der politischen Wende erhielt er zun\u00e4chst das Rufzeichen DG0WS<\/strong> und <strong>seit 2000 \u2013 nach bestandener Telegrafiepr\u00fcfung \u2013 ist er unter DF2AP aktiv<\/strong>.<\/p>\n\n\n\n<p>J\u00fcrgen ist ein <strong>aktives Mitglied<\/strong>, besonders engagiert in den Bereichen <strong>Digimodes, Kurzwelle und UKW-Conteste<\/strong>. Seit <strong>2013 ist er ehrenamtlich als Kassenwart des OV X10 t\u00e4tig<\/strong> \u2013 verl\u00e4sslich, strukturiert und immer zur Stelle, wenn es etwas zu regeln gibt.<\/p>\n\n\n\n<p>Auch ihm gilt unser herzlicher Dank und unsere Anerkennung f\u00fcr das langj\u00e4hrige Engagement \u2013 sowohl auf den B\u00e4ndern als auch im Vereinsleben.<\/p>\n\n\n\n<p><strong>Wir gratulieren beiden Jubilaren herzlich und freuen uns auf viele weitere Jahre gemeinsamer Funkaktivit\u00e4t im OV X10!<\/strong><\/p>\n\n\n\n<p><strong>73,<br>Euer OV X10 \u2013 Arnstadt<\/strong><\/p>\n","protected":false},"excerpt":{"rendered":"<p>Am 1. Juli 2025 feiern wir im DARC-Ortsverband Arnstadt (X10) gleich zwei besondere Jubil\u00e4en:<\/p>\n","protected":false},"author":480843,"featured_media":1465,"comment_status":"closed","ping_status":"open","sticky":false,"template":"","format":"standard","meta":{"kt_blocks_editor_width":"","footnotes":""},"categories":[1],"tags":[26,25,24,27],"class_list":["post-1459","post","type-post","status-publish","format-standard","has-post-thumbnail","hentry","category-aktuelles","tag-darc","tag-df2ap","tag-dg0ac","tag-jubilaeum"],"_links":{"self":[{"href":"https:\/\/ov-x10.de\/index.php?rest_route=\/wp\/v2\/posts\/1459","targetHints":{"allow":["GET"]}}],"collection":[{"href":"https:\/\/ov-x10.de\/index.php?rest_route=\/wp\/v2\/posts"}],"about":[{"href":"https:\/\/ov-x10.de\/index.php?rest_route=\/wp\/v2\/types\/post"}],"author":[{"embeddable":true,"href":"https:\/\/ov-x10.de\/index.php?rest_route=\/wp\/v2\/users\/480843"}],"replies":[{"embeddable":true,"href":"https:\/\/ov-x10.de\/index.php?rest_route=%2Fwp%2Fv2%2Fcomments&post=1459"}],"version-history":[{"count":7,"href":"https:\/\/ov-x10.de\/index.php?rest_route=\/wp\/v2\/posts\/1459\/revisions"}],"predecessor-version":[{"id":1476,"href":"https:\/\/ov-x10.de\/index.php?rest_route=\/wp\/v2\/posts\/1459\/revisions\/1476"}],"wp:featuredmedia":[{"embeddable":true,"href":"https:\/\/ov-x10.de\/index.php?rest_route=\/wp\/v2\/media\/1465"}],"wp:attachment":[{"href":"https:\/\/ov-x10.de\/index.php?rest_route=%2Fwp%2Fv2%2Fmedia&parent=1459"}],"wp:term":[{"taxonomy":"category","embeddable":true,"href":"https:\/\/ov-x10.de\/index.php?rest_route=%2Fwp%2Fv2%2Fcategories&post=1459"},{"taxonomy":"post_tag","embeddable":true,"href":"https:\/\/ov-x10.de\/index.php?rest_route=%2Fwp%2Fv2%2Ftags&post=1459"}],"curies":[{"name":"wp","href":"https:\/\/api.w.org\/{rel}","templated":true}]}}